{"id":864,"date":"2012-01-22T14:41:14","date_gmt":"2012-01-22T20:41:14","guid":{"rendered":"http:\/\/www.discurso.info\/?p=864"},"modified":"2020-01-08T13:11:38","modified_gmt":"2020-01-08T19:11:38","slug":"presentaci%c3%b3n-de-la-revista-discurso-teor%c3%ada-y-an%c3%a1lisis-en-la-feria-del-libro-miner%c3%ada-2012","status":"publish","type":"post","link":"https:\/\/www.discurso.info\/en\/2012\/01\/22\/presentaci%c3%b3n-de-la-revista-discurso-teor%c3%ada-y-an%c3%a1lisis-en-la-feria-del-libro-miner%c3%ada-2012\/","title":{"rendered":"Presentaci\u00f3n de la revista Discurso, Teor\u00eda y An\u00e1lisis en la Feria del Libro Miner\u00eda 2012"},"content":{"rendered":"<p>Los invitamos a la presentaci\u00f3n de la revista <strong><em>Discurso, Teor\u00eda y An\u00e1lisis<\/em><\/strong>, junto con las dem\u00e1s revistas que edita el Instituto de Investigaciones Sociales de la Universidad Nacional Aut\u00f3noma de M\u00e9xico. El evento tendr\u00e1 lugar el d\u00eda 2 de marzo de 2012 en el Auditorio 5 del Palacio de Miner\u00eda, ubicado en la calle de Tacuba, n\u00famero 5, Colonia Centro Hist\u00f3rico, en punto de las 18:00 horas.<\/p>\n","protected":false},"excerpt":{"rendered":"<p>Los invitamos a la presentaci\u00f3n de la revista Discurso, Teor\u00eda y An\u00e1lisis, junto con las dem\u00e1s revistas que edita el Instituto de Investigaciones Sociales de la Universidad Nacional Aut\u00f3noma de M\u00e9xico. El evento tendr\u00e1 lugar el d\u00eda 2 de marzo de 2012 en el Auditorio 5 del Palacio de Miner\u00eda, ubicado en la calle de [&hellip;]<\/p>\n","protected":false},"author":2,"featured_media":0,"comment_status":"open","ping_status":"open","sticky":false,"template":"","format":"standard","meta":{"footnotes":""},"categories":[4],"tags":[],"_links":{"self":[{"href":"https:\/\/www.discurso.info\/en\/wp-json\/wp\/v2\/posts\/864"}],"collection":[{"href":"https:\/\/www.discurso.info\/en\/wp-json\/wp\/v2\/posts"}],"about":[{"href":"https:\/\/www.discurso.info\/en\/wp-json\/wp\/v2\/types\/post"}],"author":[{"embeddable":true,"href":"https:\/\/www.discurso.info\/en\/wp-json\/wp\/v2\/users\/2"}],"replies":[{"embeddable":true,"href":"https:\/\/www.discurso.info\/en\/wp-json\/wp\/v2\/comments?post=864"}],"version-history":[{"count":1,"href":"https:\/\/www.discurso.info\/en\/wp-json\/wp\/v2\/posts\/864\/revisions"}],"predecessor-version":[{"id":865,"href":"https:\/\/www.discurso.info\/en\/wp-json\/wp\/v2\/posts\/864\/revisions\/865"}],"wp:attachment":[{"href":"https:\/\/www.discurso.info\/en\/wp-json\/wp\/v2\/media?parent=864"}],"wp:term":[{"taxonomy":"category","embeddable":true,"href":"https:\/\/www.discurso.info\/en\/wp-json\/wp\/v2\/categories?post=864"},{"taxonomy":"post_tag","embeddable":true,"href":"https:\/\/www.discurso.info\/en\/wp-json\/wp\/v2\/tags?post=864"}],"curies":[{"name":"wp","href":"https:\/\/api.w.org\/{rel}","templated":true}]}}